{"id":47,"count":1,"description":"L'herbari digital de la revista. La Sargantana Ib\u00e8rica #serenalla ha anat desenvolupant des de fa uns anys fitxes de informaci\u00f3 sobre les plantes i herbes arom\u00e0tiques i medicinals a Andorra, Vall de la Coma Pedrosa, Andorra Nord.","link":"https:\/\/llangardaix.gg02echo.net\/llangardaix\/serenalla\/?cat=47","name":"Herbarium","slug":"herbari_andorra","taxonomy":"category","parent":0,"meta":[],"_links":{"self":[{"href":"https:\/\/llangardaix.gg02echo.net\/llangardaix\/serenalla\/index.php?rest_route=\/wp\/v2\/categories\/47"}],"collection":[{"href":"https:\/\/llangardaix.gg02echo.net\/llangardaix\/serenalla\/index.php?rest_route=\/wp\/v2\/categories"}],"about":[{"href":"https:\/\/llangardaix.gg02echo.net\/llangardaix\/serenalla\/index.php?rest_route=\/wp\/v2\/taxonomies\/category"}],"wp:post_type":[{"href":"https:\/\/llangardaix.gg02echo.net\/llangardaix\/serenalla\/index.php?rest_route=%2Fwp%2Fv2%2Fposts&categories=47"}],"curies":[{"name":"wp","href":"https:\/\/api.w.org\/{rel}","templated":true}]}}