{"id":673,"date":"2018-09-01T11:28:10","date_gmt":"2018-09-01T09:28:10","guid":{"rendered":"http:\/\/llangardaix.gg02echo.net\/llangardaix\/serenalla\/?p=673"},"modified":"2019-08-13T11:02:24","modified_gmt":"2019-08-13T09:02:24","slug":"herborium-lherbari-de-la-sargantana-iberica-serenalla","status":"publish","type":"post","link":"https:\/\/llangardaix.gg02echo.net\/llangardaix\/serenalla\/?p=673","title":{"rendered":"Herborium, l&#8217;herbari de la Sargantana Ib\u00e8rica #serenalla"},"content":{"rendered":"<div id=\"pl-673\"  class=\"panel-layout\" ><div id=\"pg-673-0\"  class=\"panel-grid panel-no-style\" ><div id=\"pgc-673-0-0\"  class=\"panel-grid-cell\" ><div id=\"panel-673-0-0-0\" class=\"so-panel widget widget_sow-editor panel-first-child\" data-index=\"0\" ><div class=\"so-widget-sow-editor so-widget-sow-editor-base\">\n<div class=\"siteorigin-widget-tinymce textwidget\">\n\t<p><img loading=\"lazy\" decoding=\"async\" class=\"size-medium wp-image-672 alignleft\" src=\"http:\/\/llangardaix.gg02echo.net\/llangardaix\/serenalla\/wp-content\/uploads\/2018\/09\/herbari-portada-opt-300x191.jpg\" alt=\"\" width=\"300\" height=\"191\" srcset=\"https:\/\/llangardaix.gg02echo.net\/llangardaix\/serenalla\/wp-content\/uploads\/2018\/09\/herbari-portada-opt-300x191.jpg 300w, https:\/\/llangardaix.gg02echo.net\/llangardaix\/serenalla\/wp-content\/uploads\/2018\/09\/herbari-portada-opt.jpg 320w\" sizes=\"(max-width: 300px) 100vw, 300px\" \/><strong>Herbes i plantes arom\u00e0tiques d'Andorra<\/strong> que es poden trobar a les valls d'Arinsal (Coma Pedrosa\u00a0Andorra). Des de l'any 2010 observem amb atenci\u00f3 la\u00a0flora del les valls de la coma pedrosa\u00a0(valls del nord Arinsal Andorra) amb la voluntat de proposar un\u00a0herbari documentat\u00a0sobre les\u00a0plantes d'Andorra\u00a0que es poden trobar a les muntanyes\u00a0de la cara nord del\u00a0principat d'Andorra (Pirineu). A m\u00e9s de llistar\u00a0les plantes i les flors\u00a0que hi trobem tenim l'ambici\u00f3 de donar-vos tips per\u00a0recollir i aprofitar\u00a0aquest\u00a0tresor natural, sigui a la\u00a0cuina\u00a0o la farm\u00e0cia\u00a0de casa (cosm\u00e8tica, fitoter\u00e0pia) sempre guardant al cap una visi\u00f3\u00a0sostenible i saludable\u00a0de l'entorn natural\u00a0posant els\u00a0coneixements antics de\u00a0medicina tradicional\u00a0al vostre abast.<\/p>\n<\/div>\n<\/div><\/div><div id=\"panel-673-0-0-1\" class=\"so-panel widget widget_sow-image-grid panel-last-child\" data-index=\"1\" ><div class=\"so-widget-sow-image-grid so-widget-sow-image-grid-default-c51e448a0a62\"><\/div><\/div><\/div><\/div><\/div>","protected":false},"excerpt":{"rendered":"<p>Herbes i plantes arom\u00e0tiques d&#8217;Andorra que es poden trobar a les valls d&#8217;Arinsal (Coma Pedrosa\u00a0Andorra). Des de l&#8217;any 2010 observem amb atenci\u00f3 la\u00a0flora del les valls de la coma pedrosa\u00a0(valls del nord Arinsal Andorra) amb la voluntat de proposar un\u00a0herbari documentat\u00a0sobre les\u00a0plantes d&#8217;Andorra\u00a0que es poden trobar a les muntanyes\u00a0de la&#8230; <a class=\"continue-reading-link\" href=\"https:\/\/llangardaix.gg02echo.net\/llangardaix\/serenalla\/?p=673\">Llegir m\u00e9s&#8230;<\/a><\/p>\n","protected":false},"author":1,"featured_media":0,"comment_status":"closed","ping_status":"closed","sticky":false,"template":"","format":"gallery","meta":{"footnotes":""},"categories":[47],"tags":[],"_links":{"self":[{"href":"https:\/\/llangardaix.gg02echo.net\/llangardaix\/serenalla\/index.php?rest_route=\/wp\/v2\/posts\/673"}],"collection":[{"href":"https:\/\/llangardaix.gg02echo.net\/llangardaix\/serenalla\/index.php?rest_route=\/wp\/v2\/posts"}],"about":[{"href":"https:\/\/llangardaix.gg02echo.net\/llangardaix\/serenalla\/index.php?rest_route=\/wp\/v2\/types\/post"}],"author":[{"embeddable":true,"href":"https:\/\/llangardaix.gg02echo.net\/llangardaix\/serenalla\/index.php?rest_route=\/wp\/v2\/users\/1"}],"replies":[{"embeddable":true,"href":"https:\/\/llangardaix.gg02echo.net\/llangardaix\/serenalla\/index.php?rest_route=%2Fwp%2Fv2%2Fcomments&post=673"}],"version-history":[{"count":4,"href":"https:\/\/llangardaix.gg02echo.net\/llangardaix\/serenalla\/index.php?rest_route=\/wp\/v2\/posts\/673\/revisions"}],"predecessor-version":[{"id":830,"href":"https:\/\/llangardaix.gg02echo.net\/llangardaix\/serenalla\/index.php?rest_route=\/wp\/v2\/posts\/673\/revisions\/830"}],"wp:attachment":[{"href":"https:\/\/llangardaix.gg02echo.net\/llangardaix\/serenalla\/index.php?rest_route=%2Fwp%2Fv2%2Fmedia&parent=673"}],"wp:term":[{"taxonomy":"category","embeddable":true,"href":"https:\/\/llangardaix.gg02echo.net\/llangardaix\/serenalla\/index.php?rest_route=%2Fwp%2Fv2%2Fcategories&post=673"},{"taxonomy":"post_tag","embeddable":true,"href":"https:\/\/llangardaix.gg02echo.net\/llangardaix\/serenalla\/index.php?rest_route=%2Fwp%2Fv2%2Ftags&post=673"}],"curies":[{"name":"wp","href":"https:\/\/api.w.org\/{rel}","templated":true}]}}