{"id":705,"date":"2018-11-04T18:09:16","date_gmt":"2018-11-04T17:09:16","guid":{"rendered":"http:\/\/llangardaix.gg02echo.net\/llangardaix\/serenalla\/?p=705"},"modified":"2018-11-04T18:10:38","modified_gmt":"2018-11-04T17:10:38","slug":"this-was-halloween-samhain-2018","status":"publish","type":"post","link":"https:\/\/llangardaix.gg02echo.net\/llangardaix\/serenalla\/?p=705","title":{"rendered":"This was halloween \/ Sam\u00b4hain 2018"},"content":{"rendered":"<h1>This was Halloween! (2018)<\/h1>\n<p><img loading=\"lazy\" decoding=\"async\" class=\"size-medium wp-image-715 alignright\" src=\"http:\/\/llangardaix.gg02echo.net\/llangardaix\/serenalla\/wp-content\/uploads\/2018\/11\/45278531_2204315739598843_5334269847427612672_o-300x224.jpg\" alt=\"Fanaelts carbassa i llauna de conserva\" width=\"300\" height=\"224\" srcset=\"https:\/\/llangardaix.gg02echo.net\/llangardaix\/serenalla\/wp-content\/uploads\/2018\/11\/45278531_2204315739598843_5334269847427612672_o-300x224.jpg 300w, https:\/\/llangardaix.gg02echo.net\/llangardaix\/serenalla\/wp-content\/uploads\/2018\/11\/45278531_2204315739598843_5334269847427612672_o-768x574.jpg 768w, https:\/\/llangardaix.gg02echo.net\/llangardaix\/serenalla\/wp-content\/uploads\/2018\/11\/45278531_2204315739598843_5334269847427612672_o-1024x765.jpg 1024w, https:\/\/llangardaix.gg02echo.net\/llangardaix\/serenalla\/wp-content\/uploads\/2018\/11\/45278531_2204315739598843_5334269847427612672_o.jpg 1944w\" sizes=\"(max-width: 300px) 100vw, 300px\" \/>[Arinsal, 4 de novembre 2018] &#8211; &#8220;<em>This was Halloween<\/em>&#8221; aix\u00ed va ser la <strong>celebraci\u00f3 de Halloween<\/strong> a la seu de la nostra editorial. Com de costum\u00a0 oferim un llistat de les novetats d&#8217;enguany:<\/p>\n<h2>Gourmet<\/h2>\n<p><strong>Sopa de Carbassa<\/strong> i Boniato (Moniato)<\/p>\n<p>No hi ha res tant senzill com una sopeta. Ja que hem buidat la carbassa per confeccionar un fanalet, podem aprofitar la carn de la carbassa per fer-ne una sopa. Senzill perqu\u00e8 a la fi la sopa no es res m\u00e9s que verdures i aigua. Doncs posem la carn de la carbassa tallada a trossos a bullir amb un llitret d&#8217;aigua. Hi podem afegir pastanagues, sino tamb\u00e9 es pot fer servir un boniato.<\/p>\n<p>Deixem bullir les verdures en aigua amb sal i pebre, aqui tamb\u00e9 es pot afegir com\u00ed i\/o ginebre (ginebre com\u00fa, pebre de muntanya).<\/p>\n<p>Deixar al foc fins a bona reducci\u00f3 de l&#8217;aigua, el potatge es tornar\u00e0 una mica m\u00e9s espes.<\/p>\n<p>Servir calent en un bol.<\/p>\n<p><em><strong>Bon profit!<\/strong><\/em><\/p>\n<p><img loading=\"lazy\" decoding=\"async\" class=\"alignnone wp-image-717 size-full\" src=\"http:\/\/llangardaix.gg02echo.net\/llangardaix\/serenalla\/wp-content\/uploads\/2018\/11\/mntage_gourmet.png\" alt=\"Sopa de Carbassa Soupe de Citrouille\" width=\"882\" height=\"388\" srcset=\"https:\/\/llangardaix.gg02echo.net\/llangardaix\/serenalla\/wp-content\/uploads\/2018\/11\/mntage_gourmet.png 882w, https:\/\/llangardaix.gg02echo.net\/llangardaix\/serenalla\/wp-content\/uploads\/2018\/11\/mntage_gourmet-300x132.png 300w, https:\/\/llangardaix.gg02echo.net\/llangardaix\/serenalla\/wp-content\/uploads\/2018\/11\/mntage_gourmet-768x338.png 768w\" sizes=\"(max-width: 882px) 100vw, 882px\" \/><\/p>\n<h2>Manualitats<\/h2>\n<p><a href=\"https:\/\/llangardaix.gg02echo.net\/issues\/halloween-samhain\/fanalet-de-conserva.html\">Fanelets lugubres<\/a><\/p>\n<p><strong>Cornet de Paper<\/strong> &#8211; Castanyes i Caramels<\/p>\n<p><img loading=\"lazy\" decoding=\"async\" class=\"alignnone size-medium wp-image-707\" src=\"http:\/\/llangardaix.gg02echo.net\/llangardaix\/serenalla\/wp-content\/uploads\/2018\/11\/45323523_2204316976265386_7180584023490560000_o-300x224.jpg\" alt=\"Cornet Origami Papiroflexia\" width=\"300\" height=\"224\" srcset=\"https:\/\/llangardaix.gg02echo.net\/llangardaix\/serenalla\/wp-content\/uploads\/2018\/11\/45323523_2204316976265386_7180584023490560000_o-300x224.jpg 300w, https:\/\/llangardaix.gg02echo.net\/llangardaix\/serenalla\/wp-content\/uploads\/2018\/11\/45323523_2204316976265386_7180584023490560000_o-768x574.jpg 768w, https:\/\/llangardaix.gg02echo.net\/llangardaix\/serenalla\/wp-content\/uploads\/2018\/11\/45323523_2204316976265386_7180584023490560000_o-1024x765.jpg 1024w, https:\/\/llangardaix.gg02echo.net\/llangardaix\/serenalla\/wp-content\/uploads\/2018\/11\/45323523_2204316976265386_7180584023490560000_o.jpg 1944w\" sizes=\"(max-width: 300px) 100vw, 300px\" \/><\/p>\n<h2>PinacoteKa<\/h2>\n<ul>\n<li><strong>_The Magic Circle_<\/strong> John William Waterhouse (1886)<br \/>\n<img loading=\"lazy\" decoding=\"async\" class=\"alignnone size-medium wp-image-708\" src=\"http:\/\/llangardaix.gg02echo.net\/llangardaix\/serenalla\/wp-content\/uploads\/2018\/11\/1974982_839420902755007_3311524735020638789_n-200x300.jpg\" alt=\"The Magic Circle by John William Waterhouse (1886) Oil paint\" width=\"200\" height=\"300\" srcset=\"https:\/\/llangardaix.gg02echo.net\/llangardaix\/serenalla\/wp-content\/uploads\/2018\/11\/1974982_839420902755007_3311524735020638789_n-200x300.jpg 200w, https:\/\/llangardaix.gg02echo.net\/llangardaix\/serenalla\/wp-content\/uploads\/2018\/11\/1974982_839420902755007_3311524735020638789_n.jpg 641w\" sizes=\"(max-width: 200px) 100vw, 200px\" \/><\/li>\n<li><strong>Arter\u00e0pia<\/strong> &#8211; Juniperus comunis, Common juniper, ginebre, gen\u00e9vrier<\/li>\n<\/ul>\n<p>mod\u00e8le couleurs :<\/p>\n<p><img loading=\"lazy\" decoding=\"async\" class=\"alignnone size-medium wp-image-713\" src=\"http:\/\/llangardaix.gg02echo.net\/llangardaix\/serenalla\/wp-content\/uploads\/2018\/11\/1377485_639701766060256_4392238_n-300x177.jpg\" alt=\"English: Juniperus communis cones, from wild plant, 250 m altitude, South Tyne valley, Northumberland, UK; September 2004 - Date September 2004 - Source Own work Author MPF - Camera location 54\u00b0 52\u2032 57.84\u2033 N, 2\u00b0 29\u2032 33.80\u2033 W View this and other nearby images on: Google Maps - Google Earth - OpenStreetMap (Info) Licensing I, the copyright holder of this work, hereby publish it under the following licenses: GNU head Permission is granted to copy, distribute and\/or modify this document under the terms of the GNU Free Documentation License, Version 1.2 or any later version published by the Free Software Foundation; with no Invariant Sections, no Front-Cover Texts, and no Back-Cover Texts. A copy of the license is included in the section entitled GNU Free Documentation License. w:en:Creative Commons This file is licensed under the Creative Commo\" width=\"300\" height=\"177\" srcset=\"https:\/\/llangardaix.gg02echo.net\/llangardaix\/serenalla\/wp-content\/uploads\/2018\/11\/1377485_639701766060256_4392238_n-300x177.jpg 300w, https:\/\/llangardaix.gg02echo.net\/llangardaix\/serenalla\/wp-content\/uploads\/2018\/11\/1377485_639701766060256_4392238_n-768x452.jpg 768w, https:\/\/llangardaix.gg02echo.net\/llangardaix\/serenalla\/wp-content\/uploads\/2018\/11\/1377485_639701766060256_4392238_n.jpg 882w\" sizes=\"(max-width: 300px) 100vw, 300px\" \/><\/p>\n<p>&nbsp;<\/p>\n<p>Versi\u00f3 impresa<\/p>\n<ul>\n<li><img loading=\"lazy\" decoding=\"async\" class=\"alignnone\" src=\"https:\/\/upload.wikimedia.org\/wikipedia\/commons\/c\/ce\/Subulate_%28PSF%29.png\" alt=\"\" width=\"1872\" height=\"2324\" \/><\/li>\n<\/ul>\n<h2>BotaniKa<\/h2>\n<p>Oli d&#8217;Hip\u00e8ric, virtuts terape\u00fatiques<\/p>\n<p><img loading=\"lazy\" decoding=\"async\" class=\"alignnone size-medium wp-image-718\" src=\"http:\/\/llangardaix.gg02echo.net\/llangardaix\/serenalla\/wp-content\/uploads\/2018\/11\/23415424_1695900350440387_3834337607724431544_o-300x224.jpg\" alt=\"Oli d'Hip\u00e8ric, Huile de Millepertuis Andorra\" width=\"300\" height=\"224\" srcset=\"https:\/\/llangardaix.gg02echo.net\/llangardaix\/serenalla\/wp-content\/uploads\/2018\/11\/23415424_1695900350440387_3834337607724431544_o-300x224.jpg 300w, https:\/\/llangardaix.gg02echo.net\/llangardaix\/serenalla\/wp-content\/uploads\/2018\/11\/23415424_1695900350440387_3834337607724431544_o-768x573.jpg 768w, https:\/\/llangardaix.gg02echo.net\/llangardaix\/serenalla\/wp-content\/uploads\/2018\/11\/23415424_1695900350440387_3834337607724431544_o-1024x765.jpg 1024w, https:\/\/llangardaix.gg02echo.net\/llangardaix\/serenalla\/wp-content\/uploads\/2018\/11\/23415424_1695900350440387_3834337607724431544_o.jpg 2048w\" sizes=\"(max-width: 300px) 100vw, 300px\" \/><\/p>\n<h2>El Ratpenat Orellut<\/h2>\n<p><em><strong>l&#8217;objet: le mortier<\/strong><\/em><\/p>\n<p>morter (cat)<\/p>\n<p>mortero (esp)<\/p>\n<p>mortar and pestle (eng)<\/p>\n<p>M\u00f6rser (deu)<\/p>\n<h2>TroBalla<\/h2>\n<p><strong>#destinacio #sundgau<\/strong><br \/>\nMus\u00e9e de l&#8217;impression sur \u00e9toffes de Mulhouse<br \/>\n<em><strong>Museu de la estampaci\u00f3 t\u00e8xtil de M\u00fclhausen<\/strong><\/em> (Mulhouse, Milh\u00fcsa)<\/p>\n<blockquote class=\"wp-embedded-content\" data-secret=\"l9LZ5mnPjw\"><p><a href=\"http:\/\/www.musee-impression.com\/en\/\">Home<\/a><\/p><\/blockquote>\n<p><iframe class=\"wp-embedded-content\" sandbox=\"allow-scripts\" security=\"restricted\" style=\"position: absolute; clip: rect(1px, 1px, 1px, 1px);\" src=\"http:\/\/www.musee-impression.com\/en\/embed\/#?secret=l9LZ5mnPjw\" data-secret=\"l9LZ5mnPjw\" width=\"600\" height=\"338\" title=\"&#8220;Home&#8221; &#8212; Mus\u00e9e d&#039;Impression sur Etoffes\" frameborder=\"0\" marginwidth=\"0\" marginheight=\"0\" scrolling=\"no\"><\/iframe><\/p>\n<p><em>!(autoritzaci\u00f3 de la inserci\u00f3 de l&#8217;enlla\u00e7 en espera)<\/em><\/p>\n<p>Geri, la nostra redactora en cap desfila amb una capa dissenyada per Yves Saint Laurent dins del museu (exposici\u00f3 temporal); als i pels ulls del modista.<\/p>\n<p><img loading=\"lazy\" decoding=\"async\" class=\"alignnone size-medium wp-image-706\" src=\"http:\/\/llangardaix.gg02echo.net\/llangardaix\/serenalla\/wp-content\/uploads\/2018\/11\/45179578_10156771341037418_7959079457577238528_n-225x300.jpg\" alt=\"Geri d\u00e9file avec une cape Yves Saint Laurent au Mus\u00e9e de l'Impression sur \u00e9toffes de Mulhouse\" width=\"225\" height=\"300\" srcset=\"https:\/\/llangardaix.gg02echo.net\/llangardaix\/serenalla\/wp-content\/uploads\/2018\/11\/45179578_10156771341037418_7959079457577238528_n-225x300.jpg 225w, https:\/\/llangardaix.gg02echo.net\/llangardaix\/serenalla\/wp-content\/uploads\/2018\/11\/45179578_10156771341037418_7959079457577238528_n.jpg 720w\" sizes=\"(max-width: 225px) 100vw, 225px\" \/><\/p>\n","protected":false},"excerpt":{"rendered":"<p>This was Halloween! (2018) [Arinsal, 4 de novembre 2018] &#8211; &#8220;This was Halloween&#8221; aix\u00ed va ser la celebraci\u00f3 de Halloween a la seu de la nostra editorial. Com de costum\u00a0 oferim un llistat de les novetats d&#8217;enguany: Gourmet Sopa de Carbassa i Boniato (Moniato) No hi ha res tant senzill&#8230; <a class=\"continue-reading-link\" href=\"https:\/\/llangardaix.gg02echo.net\/llangardaix\/serenalla\/?p=705\">Llegir m\u00e9s&#8230;<\/a><\/p>\n","protected":false},"author":1,"featured_media":715,"comment_status":"closed","ping_status":"closed","sticky":false,"template":"","format":"standard","meta":{"footnotes":""},"categories":[81,67],"tags":[89,87],"_links":{"self":[{"href":"https:\/\/llangardaix.gg02echo.net\/llangardaix\/serenalla\/index.php?rest_route=\/wp\/v2\/posts\/705"}],"collection":[{"href":"https:\/\/llangardaix.gg02echo.net\/llangardaix\/serenalla\/index.php?rest_route=\/wp\/v2\/posts"}],"about":[{"href":"https:\/\/llangardaix.gg02echo.net\/llangardaix\/serenalla\/index.php?rest_route=\/wp\/v2\/types\/post"}],"author":[{"embeddable":true,"href":"https:\/\/llangardaix.gg02echo.net\/llangardaix\/serenalla\/index.php?rest_route=\/wp\/v2\/users\/1"}],"replies":[{"embeddable":true,"href":"https:\/\/llangardaix.gg02echo.net\/llangardaix\/serenalla\/index.php?rest_route=%2Fwp%2Fv2%2Fcomments&post=705"}],"version-history":[{"count":7,"href":"https:\/\/llangardaix.gg02echo.net\/llangardaix\/serenalla\/index.php?rest_route=\/wp\/v2\/posts\/705\/revisions"}],"predecessor-version":[{"id":719,"href":"https:\/\/llangardaix.gg02echo.net\/llangardaix\/serenalla\/index.php?rest_route=\/wp\/v2\/posts\/705\/revisions\/719"}],"wp:featuredmedia":[{"embeddable":true,"href":"https:\/\/llangardaix.gg02echo.net\/llangardaix\/serenalla\/index.php?rest_route=\/wp\/v2\/media\/715"}],"wp:attachment":[{"href":"https:\/\/llangardaix.gg02echo.net\/llangardaix\/serenalla\/index.php?rest_route=%2Fwp%2Fv2%2Fmedia&parent=705"}],"wp:term":[{"taxonomy":"category","embeddable":true,"href":"https:\/\/llangardaix.gg02echo.net\/llangardaix\/serenalla\/index.php?rest_route=%2Fwp%2Fv2%2Fcategories&post=705"},{"taxonomy":"post_tag","embeddable":true,"href":"https:\/\/llangardaix.gg02echo.net\/llangardaix\/serenalla\/index.php?rest_route=%2Fwp%2Fv2%2Ftags&post=705"}],"curies":[{"name":"wp","href":"https:\/\/api.w.org\/{rel}","templated":true}]}}